{"id":5353,"date":"2026-09-02T11:08:36","date_gmt":"2026-09-02T15:08:36","guid":{"rendered":"https:\/\/unican.edu.py\/v1\/?p=5353"},"modified":"2026-09-03T07:08:53","modified_gmt":"2026-09-03T11:08:53","slug":"convocatoria-a-elecciones-de-decano-a-para-las-facultades-facem-facijs-faciv-fca-y-facitec-periodo-2027-2031","status":"publish","type":"post","link":"https:\/\/unican.edu.py\/v1\/en\/2026\/09\/02\/convocatoria-a-elecciones-de-decano-a-para-las-facultades-facem-facijs-faciv-fca-y-facitec-periodo-2027-2031\/","title":{"rendered":"Convocatoria a elecciones de Decano\/a para las facultades FACEM, FACIJS, FACIV, FCA y FACITEC, periodo 2027-2031"},"content":{"rendered":"<div class=\"xdj266r x14z9mp xat24cr x1lziwak x1vvkbs x126k92a\">\n<div dir=\"auto\">Por resoluci\u00f3n N\u00b0 218\/2026 del Consejo Superior Universitario de la UNICAN, se convoca a elecciones de Decano\/a para las siguientes facultades:<\/div>\n<\/div>\n<div class=\"x14z9mp xat24cr x1lziwak x1vvkbs xtlvy1s x126k92a\">\n<div dir=\"auto\">&#8211; Facultad de Ciencias Econ\u00f3micas y Empresariales (FACEM)<\/div>\n<div dir=\"auto\">&#8211; Facultad de Ciencias Jur\u00eddicas y Sociales (FACIJS)<\/div>\n<div dir=\"auto\">&#8211; Facultad de Ciencias Agrarias (FCA)<\/div>\n<div dir=\"auto\">&#8211; Facultad de Ciencias Veterinarias (FACIV)<\/div>\n<div dir=\"auto\">&#8211; Facultad de Ciencias y Tecnolog\u00eda (FACITEC).<\/div>\n<\/div>\n<p><!--more--><\/p>\n<div class=\"x14z9mp xat24cr x1lziwak x1vvkbs xtlvy1s x126k92a\">\n<div dir=\"auto\">Las elecciones corresponden al periodo comprendido entre enero de 2027 y diciembre de 2031. Para el efecto, se ha aprobado la conformaci\u00f3n del Tribunal Electoral Independiente (TEI) por facultades, as\u00ed como el calendario electoral, mediante Resoluci\u00f3n CSU N.\u00b0 219\/2026.<\/div>\n<\/div>\n<div class=\"x14z9mp xat24cr x1lziwak x1vvkbs xtlvy1s x126k92a\">\n<div dir=\"auto\">Las elecciones se realizar\u00e1n el pr\u00f3ximo s\u00e1bado 26 de septiembre de 08:00 a 13:00 horas, en la sede de Saltos del Guair\u00e1 y las filiales Curuguaty y Katuet\u00e9.<\/div>\n<div dir=\"auto\"><a href=\"https:\/\/unican.edu.py\/v1\/wp-content\/uploads\/2026\/09\/218-SE-CONVOCA-A-ELECCIONES-UNIVERSITARIAS-DE-LA-UNICAN-PARA-ELECCION-DE-DECANO-A-PARA-LAS-FACULTADES-DE-FACIJ-FCA-FACEM-FACIV-FACITEC.pdf\">218, SE CONVOCA A ELECCIONES UNIVERSITARIAS DE LA UNICAN PARA ELECCI\u00d3N DE DECANO-A PARA LAS FACULTADES DE FACIJ, FCA, FACEM, FACIV, FACITEC<\/a><\/div>\n<div dir=\"auto\"><a href=\"https:\/\/unican.edu.py\/v1\/wp-content\/uploads\/2026\/09\/219-SE-INTEGRAN-LOS-TRIBUNALES-ELECTORALES-INDEPENDIENTES-TEI-Y-SE-APRUEBA-EL-CRONOGRAMA-ELECTORAL-PARA-LA-ELECCION-DE-DECANO-A-DE-LA-UNICAN-2026.pdf\">219, SE INTEGRAN LOS TRIBUNALES ELECTORALES INDEPENDIENTES &#8211; TEI- Y SE APRUEBA EL CRONOGRAMA ELECTORAL PARA LA ELECCI\u00d3N DE DECANO-A DE LA UNICAN 2026<\/a><\/div>\n<\/div>","protected":false},"excerpt":{"rendered":"<p>Por resoluci\u00f3n N\u00b0 218\/2026 del Consejo Superior Universitario de la UNICAN, se convoca a elecciones de Decano\/a para las siguientes facultades: &#8211; Facultad de Ciencias Econ\u00f3micas y Empresariales (FACEM) &#8211; Facultad de Ciencias Jur\u00eddicas y Sociales (FACIJS) &#8211; Facultad de Ciencias Agrarias (FCA) &#8211; Facultad de Ciencias Veterinarias (FACIV) &#8211; Facultad de Ciencias y Tecnolog\u00eda<\/p>","protected":false},"author":2,"featured_media":5356,"comment_status":"closed","ping_status":"closed","sticky":false,"template":"","format":"standard","meta":{"_bbp_topic_count":0,"_bbp_reply_count":0,"_bbp_total_topic_count":0,"_bbp_total_reply_count":0,"_bbp_voice_count":0,"_bbp_anonymous_reply_count":0,"_bbp_topic_count_hidden":0,"_bbp_reply_count_hidden":0,"_bbp_forum_subforum_count":0,"cybocfi_hide_featured_image":"yes","_jetpack_newsletter_access":"","_jetpack_dont_email_post_to_subs":false,"_jetpack_newsletter_tier_id":0,"_jetpack_memberships_contains_paywalled_content":false,"_jetpack_feature_clip_id":0,"_jetpack_memberships_contains_paid_content":false,"footnotes":"","jetpack_publicize_message":"","jetpack_publicize_feature_enabled":true,"jetpack_social_post_already_shared":true,"jetpack_social_options":{"image_generator_settings":{"template":"highway","default_image_id":0,"font":"","enabled":false},"version":2},"jetpack_post_was_ever_published":false},"categories":[6,13,12,14],"tags":[],"class_list":["post-5353","post","type-post","status-publish","format-standard","has-post-thumbnail","hentry","category-noticias","category-noticias-curuguaty","category-noticias-saltos-del-guaira","category-noticias-katuete"],"jetpack_publicize_connections":[],"jetpack_sharing_enabled":true,"jetpack_likes_enabled":true,"jetpack_featured_media_url":"https:\/\/unican.edu.py\/v1\/wp-content\/uploads\/2026\/09\/793109398_1592982962328708_3564508633087154174_n.jpg","_links":{"self":[{"href":"https:\/\/unican.edu.py\/v1\/en\/wp-json\/wp\/v2\/posts\/5353","targetHints":{"allow":["GET"]}}],"collection":[{"href":"https:\/\/unican.edu.py\/v1\/en\/wp-json\/wp\/v2\/posts"}],"about":[{"href":"https:\/\/unican.edu.py\/v1\/en\/wp-json\/wp\/v2\/types\/post"}],"author":[{"embeddable":true,"href":"https:\/\/unican.edu.py\/v1\/en\/wp-json\/wp\/v2\/users\/2"}],"replies":[{"embeddable":true,"href":"https:\/\/unican.edu.py\/v1\/en\/wp-json\/wp\/v2\/comments?post=5353"}],"version-history":[{"count":1,"href":"https:\/\/unican.edu.py\/v1\/en\/wp-json\/wp\/v2\/posts\/5353\/revisions"}],"predecessor-version":[{"id":5357,"href":"https:\/\/unican.edu.py\/v1\/en\/wp-json\/wp\/v2\/posts\/5353\/revisions\/5357"}],"wp:featuredmedia":[{"embeddable":true,"href":"https:\/\/unican.edu.py\/v1\/en\/wp-json\/wp\/v2\/media\/5356"}],"wp:attachment":[{"href":"https:\/\/unican.edu.py\/v1\/en\/wp-json\/wp\/v2\/media?parent=5353"}],"wp:term":[{"taxonomy":"category","embeddable":true,"href":"https:\/\/unican.edu.py\/v1\/en\/wp-json\/wp\/v2\/categories?post=5353"},{"taxonomy":"post_tag","embeddable":true,"href":"https:\/\/unican.edu.py\/v1\/en\/wp-json\/wp\/v2\/tags?post=5353"}],"curies":[{"name":"wp","href":"https:\/\/api.w.org\/{rel}","templated":true}]}}