{"id":571,"date":"2023-09-09T10:11:04","date_gmt":"2023-09-09T14:11:04","guid":{"rendered":"https:\/\/unican.edu.py\/v1\/?p=571"},"modified":"2024-04-04T10:17:45","modified_gmt":"2024-04-04T14:17:45","slug":"ii-jornada-de-extension-universitaria-unican-2023-y-i-jornada-de-comunicacion-cientifica-de-la-unican-unioeste-2023","status":"publish","type":"post","link":"https:\/\/unican.edu.py\/v1\/2023\/09\/09\/ii-jornada-de-extension-universitaria-unican-2023-y-i-jornada-de-comunicacion-cientifica-de-la-unican-unioeste-2023\/","title":{"rendered":"II Jornada de Extensi\u00f3n Universitaria, UNICAN 2023 y I Jornada de Comunicaci\u00f3n Cient\u00edfica de la UNICAN-UNIOESTE 2023"},"content":{"rendered":"<p>Se realiz\u00f3 la \u201cII Jornada de Extensi\u00f3n Universitaria UNICAN 2023\u201d y \u201cI Jornada de Comunicaci\u00f3n Cient\u00edfica UNICAN-UNIOESTE 2023\u201d, de la Universidad Nacional de Canindey\u00fa.<!--more--><\/p>\n<p>&nbsp;<\/p>\n<p><img loading=\"lazy\" decoding=\"async\" class=\"alignnone wp-image-573 size-full\" src=\"https:\/\/unican.edu.py\/v1\/wp-content\/uploads\/2024\/04\/Diseo-sin-ttulo-22-1.png\" alt=\"\" width=\"945\" height=\"744\" srcset=\"https:\/\/unican.edu.py\/v1\/wp-content\/uploads\/2024\/04\/Diseo-sin-ttulo-22-1.png 945w, https:\/\/unican.edu.py\/v1\/wp-content\/uploads\/2024\/04\/Diseo-sin-ttulo-22-1-300x236.png 300w, https:\/\/unican.edu.py\/v1\/wp-content\/uploads\/2024\/04\/Diseo-sin-ttulo-22-1-768x605.png 768w, https:\/\/unican.edu.py\/v1\/wp-content\/uploads\/2024\/04\/Diseo-sin-ttulo-22-1-15x12.png 15w, https:\/\/unican.edu.py\/v1\/wp-content\/uploads\/2024\/04\/Diseo-sin-ttulo-22-1-238x187.png 238w\" sizes=\"auto, (max-width: 945px) 100vw, 945px\" \/><\/p>\n<p>El evento se desarroll\u00f3 los d\u00edas 7 y 8 de setiembre del corriente. Durante la jornada inaugural, se realizaron dos conferencias. Por un lado, en el marco de la \u201cII Jornada de Extensi\u00f3n Universitaria UNICAN 2023\u201d, la Abg. Carmen Bogado Leiva, Directora de Cooperaci\u00f3n de la Universidad Nacional de Itap\u00faa y actual presidente de la Red Nacional de Extensi\u00f3n Universitaria del Paraguay (REXUNPY), con la conferencia titulada: \u201cModelo de Gesti\u00f3n de la Extensi\u00f3n Universitaria: Experiencia de la Universidad Nacional de Itap\u00faa\u201d.<\/p>\n<p>Y por el otro, en el marco de la \u201cI Jornada de Comunicaci\u00f3n Cient\u00edfica UNICAN-UNIOESTE 2023\u201d, el Prof. Dr. Jandir Ferreira de Lima, Docente de la Universidad Estadual del Oeste de Paran\u00e1 (UNIOESTE), Brasil, con la conferencia titulada: \u201cUniversidad y sociedad local\u201d.<\/p>\n<p>Al finalizar las conferencias, el Departamento de arte y cultura de la UNICAN ofreci\u00f3 un momento art\u00edstico a los presentes.<\/p>\n<p>Posteriormente se procedi\u00f3 a la presentaci\u00f3n de los trabajos de extensi\u00f3n en la modalidad P\u00f3ster.<\/p>\n<p>El segundo d\u00eda se desarrollaron las presentaciones de los trabajos en la modalidad oral, en el marco de ambos eventos.<\/p>\n<p>Acompa\u00f1aron el evento ilustres personalidades del mundo acad\u00e9mico como el Professor Moacir Piffer, Decano de la facultad de Econom\u00eda de la UNIOESTE y una comitiva conformada por docentes y estudiantes de esa casa de estudios. Kvepiantys du\u0161o filtrai tavo SPA ritualams namuose ar kelion\u0117je https:\/\/onrain.lt\/<\/p>\n<p>En el plano local, estuvo presente la Profesora Dra. Valentina Canesse, Directora del Instituto Superior de Lenguas, Universidad Nacional de Asunci\u00f3n, Paraguay y Coordinadora de Acciones del Proyecto \u201cFormaci\u00f3n inicial docente y desarrollo de las capacidades de los profesionales de la Educaci\u00f3n\u201d FORMACAP.<\/p>\n<p><img loading=\"lazy\" decoding=\"async\" class=\"alignnone wp-image-574 size-full\" src=\"https:\/\/unican.edu.py\/v1\/wp-content\/uploads\/2024\/04\/Diseo-sin-ttulo-23.png\" alt=\"\" width=\"943\" height=\"744\" srcset=\"https:\/\/unican.edu.py\/v1\/wp-content\/uploads\/2024\/04\/Diseo-sin-ttulo-23.png 943w, https:\/\/unican.edu.py\/v1\/wp-content\/uploads\/2024\/04\/Diseo-sin-ttulo-23-300x237.png 300w, https:\/\/unican.edu.py\/v1\/wp-content\/uploads\/2024\/04\/Diseo-sin-ttulo-23-768x606.png 768w, https:\/\/unican.edu.py\/v1\/wp-content\/uploads\/2024\/04\/Diseo-sin-ttulo-23-15x12.png 15w, https:\/\/unican.edu.py\/v1\/wp-content\/uploads\/2024\/04\/Diseo-sin-ttulo-23-237x187.png 237w\" sizes=\"auto, (max-width: 943px) 100vw, 943px\" \/><\/p>\n","protected":false},"excerpt":{"rendered":"<p>Se realiz\u00f3 la \u201cII Jornada de Extensi\u00f3n Universitaria UNICAN 2023\u201d y \u201cI Jornada de Comunicaci\u00f3n Cient\u00edfica UNICAN-UNIOESTE 2023\u201d, de la Universidad Nacional de Canindey\u00fa.<\/p>\n","protected":false},"author":2,"featured_media":574,"comment_status":"closed","ping_status":"closed","sticky":false,"template":"","format":"standard","meta":{"_bbp_topic_count":0,"_bbp_reply_count":0,"_bbp_total_topic_count":0,"_bbp_total_reply_count":0,"_bbp_voice_count":0,"_bbp_anonymous_reply_count":0,"_bbp_topic_count_hidden":0,"_bbp_reply_count_hidden":0,"_bbp_forum_subforum_count":0,"cybocfi_hide_featured_image":"yes","_jetpack_memberships_contains_paid_content":false,"footnotes":"","jetpack_publicize_message":"","jetpack_publicize_feature_enabled":true,"jetpack_social_post_already_shared":false,"jetpack_social_options":{"image_generator_settings":{"template":"highway","default_image_id":0,"font":"","enabled":false},"version":2}},"categories":[6,12],"tags":[],"class_list":["post-571","post","type-post","status-publish","format-standard","has-post-thumbnail","hentry","category-noticias","category-noticias-saltos-del-guaira"],"jetpack_publicize_connections":[],"jetpack_featured_media_url":"https:\/\/unican.edu.py\/v1\/wp-content\/uploads\/2024\/04\/Diseo-sin-ttulo-23.png","jetpack_sharing_enabled":true,"jetpack_likes_enabled":true,"_links":{"self":[{"href":"https:\/\/unican.edu.py\/v1\/wp-json\/wp\/v2\/posts\/571","targetHints":{"allow":["GET"]}}],"collection":[{"href":"https:\/\/unican.edu.py\/v1\/wp-json\/wp\/v2\/posts"}],"about":[{"href":"https:\/\/unican.edu.py\/v1\/wp-json\/wp\/v2\/types\/post"}],"author":[{"embeddable":true,"href":"https:\/\/unican.edu.py\/v1\/wp-json\/wp\/v2\/users\/2"}],"replies":[{"embeddable":true,"href":"https:\/\/unican.edu.py\/v1\/wp-json\/wp\/v2\/comments?post=571"}],"version-history":[{"count":1,"href":"https:\/\/unican.edu.py\/v1\/wp-json\/wp\/v2\/posts\/571\/revisions"}],"predecessor-version":[{"id":575,"href":"https:\/\/unican.edu.py\/v1\/wp-json\/wp\/v2\/posts\/571\/revisions\/575"}],"wp:featuredmedia":[{"embeddable":true,"href":"https:\/\/unican.edu.py\/v1\/wp-json\/wp\/v2\/media\/574"}],"wp:attachment":[{"href":"https:\/\/unican.edu.py\/v1\/wp-json\/wp\/v2\/media?parent=571"}],"wp:term":[{"taxonomy":"category","embeddable":true,"href":"https:\/\/unican.edu.py\/v1\/wp-json\/wp\/v2\/categories?post=571"},{"taxonomy":"post_tag","embeddable":true,"href":"https:\/\/unican.edu.py\/v1\/wp-json\/wp\/v2\/tags?post=571"}],"curies":[{"name":"wp","href":"https:\/\/api.w.org\/{rel}","templated":true}]}}